{"id":856,"date":"2026-09-02T09:28:15","date_gmt":"2026-09-02T07:28:15","guid":{"rendered":"https:\/\/new.migtig.hu\/hegesztesi-minositesek-es-kepzesek-a-jovo-szakembereinek-felkeszitese\/"},"modified":"2026-09-02T09:28:15","modified_gmt":"2026-09-02T07:28:15","slug":"hegesztesi-minositesek-es-kepzesek-a-jovo-szakembereinek-felkeszitese","status":"publish","type":"post","link":"https:\/\/new.migtig.hu\/de\/hegesztesi-minositesek-es-kepzesek-a-jovo-szakembereinek-felkeszitese\/","title":{"rendered":"Hegeszt\u00e9si min\u0151s\u00edt\u00e9sek \u00e9s k\u00e9pz\u00e9sek: A j\u00f6v\u0151 szakembereinek felk\u00e9sz\u00edt\u00e9se"},"content":{"rendered":"<p>A hegeszt\u00e9si iparban dolgozni csak akkor lehet biztons\u00e1gosan \u00e9s hat\u00e9konyan, ha a szakemberek megfelel\u0151 k\u00e9pz\u00e9sen esnek \u00e1t. A MIG-TIG Kft. 30 \u00e9ves tapasztalata arra tan\u00edott benn\u00fcnket, hogy a k\u00e9pz\u00e9s nem egyszer v\u00e9gbemen\u0151 esem\u00e9ny, hanem folyamatosan kell fejleszteni \u00e9s friss\u00edteni a tud\u00e1st. Az Eur\u00f3pai Uni\u00f3 \u00e1ltal meghat\u00e1rozott szab\u00e1lyoz\u00e1sok \u00e9s nemzetk\u00f6zi norm\u00e1k alapj\u00e1n v\u00e9gz\u00fcnk min\u0151s\u00edt\u00e9seket, amelyekre a munk\u00e1ltat\u00f3k \u00e9s az \u00fcgyfeleink is hagyatkozhatnak. A Hossz\u00fahet\u00e9ny, Koml\u00f3 \u00e9s P\u00e9cs k\u00f6rzeti testv\u00e9r\u00fclt v\u00e1llalkoz\u00e1sok sz\u00e1m\u00e1ra szervez\u00fcnk rendszeres k\u00e9pz\u00e9seket, ahol az alap hegeszt\u00e9si technik\u00e1kt\u00f3l kezdve az el\u0151\u00edrt biztons\u00e1gi szab\u00e1lyoz\u00e1sokig mindent bemutatunk. Az oktat\u00e1si m\u00f3dszereink gyakorlat-orient\u00e1ltak, \u00e9s a legfrissebb ipari trendeket is figyelembe vessz\u00fck. Alaposan felk\u00e9sz\u00edtj\u00fck a fiatal gener\u00e1ci\u00f3t arra, hogy k\u00e9szen \u00e1lljanak a kih\u00edv\u00e1sok el\u00e9, amelyekkel a modern hegeszt\u00e9si munkav\u00e9gz\u00e9sben szembe kell n\u00e9zni\u00fck.<\/p>","protected":false},"excerpt":{"rendered":"<p>A MIG-TIG Kft. alap\u00edt\u00e1sa \u00f3ta nagy s\u00falyt fektet a szakemberek k\u00e9pz\u00e9s\u00e9re \u00e9s min\u0151s\u00edt\u00e9s\u00e9re. Fedezz\u00fck fel, hogyan \u00e9p\u00edtj\u00fck a j\u00f6v\u0151 hegeszt\u00e9si specialist\u00e1it.<\/p>","protected":false},"author":0,"featured_media":0,"comment_status":"open","ping_status":"open","sticky":false,"template":"","format":"standard","meta":{"footnotes":""},"categories":[1],"tags":[],"class_list":["post-856","post","type-post","status-publish","format-standard","hentry","category-uncategorized"],"yoast_head":"<!-- This site is optimized with the Yoast SEO Premium plugin v28.1 (Yoast SEO v28.1) - https:\/\/yoast.com\/product\/yoast-seo-premium-wordpress\/ -->\n<title>Hegeszt\u00e9si min\u0151s\u00edt\u00e9sek \u00e9s k\u00e9pz\u00e9sek | MIG-TIG Kft.<\/title>\n<meta name=\"description\" content=\"Professzion\u00e1lis hegeszt\u00e9si k\u00e9pz\u00e9s \u00e9s min\u0151s\u00edt\u00e9s Barany\u00e1ban. 30 \u00e9ves tapasztalat, szak\u00e9rt\u0151 oktat\u00f3k, teljes k\u00f6r\u0171 felk\u00e9sz\u00edt\u00e9s.\" \/>\n<meta name=\"robots\" content=\"index, follow, max-snippet:-1, max-image-preview:large, max-video-preview:-1\" \/>\n<link rel=\"canonical\" href=\"https:\/\/new.migtig.hu\/de\/hegesztesi-minositesek-es-kepzesek-a-jovo-szakembereinek-felkeszitese\/\" \/>\n<meta property=\"og:locale\" content=\"de_DE\" \/>\n<meta property=\"og:type\" content=\"article\" \/>\n<meta property=\"og:title\" content=\"Hegeszt\u00e9si min\u0151s\u00edt\u00e9sek \u00e9s k\u00e9pz\u00e9sek: A j\u00f6v\u0151 szakembereinek felk\u00e9sz\u00edt\u00e9se\" \/>\n<meta property=\"og:description\" content=\"Professzion\u00e1lis hegeszt\u00e9si k\u00e9pz\u00e9s \u00e9s min\u0151s\u00edt\u00e9s Barany\u00e1ban. 30 \u00e9ves tapasztalat, szak\u00e9rt\u0151 oktat\u00f3k, teljes k\u00f6r\u0171 felk\u00e9sz\u00edt\u00e9s.\" \/>\n<meta property=\"og:url\" content=\"https:\/\/new.migtig.hu\/de\/hegesztesi-minositesek-es-kepzesek-a-jovo-szakembereinek-felkeszitese\/\" \/>\n<meta property=\"og:site_name\" content=\"MIG-TIG Kft.\" \/>\n<meta property=\"article:published_time\" content=\"2026-09-02T07:28:15+00:00\" \/>\n<meta name=\"twitter:card\" content=\"summary_large_image\" \/>\n<meta name=\"twitter:label1\" content=\"Gesch\u00e4tzte Lesezeit\" \/>\n\t<meta name=\"twitter:data1\" content=\"1\u00a0Minute\" \/>\n<script type=\"application\/ld+json\" class=\"yoast-schema-graph\">{\"@context\":\"https:\\\/\\\/schema.org\",\"@graph\":[{\"@type\":\"Article\",\"@id\":\"https:\\\/\\\/new.migtig.hu\\\/hegesztesi-minositesek-es-kepzesek-a-jovo-szakembereinek-felkeszitese\\\/#article\",\"isPartOf\":{\"@id\":\"https:\\\/\\\/new.migtig.hu\\\/hegesztesi-minositesek-es-kepzesek-a-jovo-szakembereinek-felkeszitese\\\/\"},\"author\":{\"name\":\"\",\"@id\":\"\"},\"headline\":\"Hegeszt\u00e9si min\u0151s\u00edt\u00e9sek \u00e9s k\u00e9pz\u00e9sek: A j\u00f6v\u0151 szakembereinek felk\u00e9sz\u00edt\u00e9se\",\"datePublished\":\"2026-09-02T07:28:15+00:00\",\"mainEntityOfPage\":{\"@id\":\"https:\\\/\\\/new.migtig.hu\\\/hegesztesi-minositesek-es-kepzesek-a-jovo-szakembereinek-felkeszitese\\\/\"},\"wordCount\":198,\"commentCount\":0,\"publisher\":{\"@id\":\"https:\\\/\\\/new.migtig.hu\\\/#organization\"},\"articleSection\":[\"Uncategorized\"],\"inLanguage\":\"de\",\"potentialAction\":[{\"@type\":\"CommentAction\",\"name\":\"Comment\",\"target\":[\"https:\\\/\\\/new.migtig.hu\\\/hegesztesi-minositesek-es-kepzesek-a-jovo-szakembereinek-felkeszitese\\\/#respond\"]}]},{\"@type\":\"WebPage\",\"@id\":\"https:\\\/\\\/new.migtig.hu\\\/hegesztesi-minositesek-es-kepzesek-a-jovo-szakembereinek-felkeszitese\\\/\",\"url\":\"https:\\\/\\\/new.migtig.hu\\\/hegesztesi-minositesek-es-kepzesek-a-jovo-szakembereinek-felkeszitese\\\/\",\"name\":\"Hegeszt\u00e9si min\u0151s\u00edt\u00e9sek \u00e9s k\u00e9pz\u00e9sek | MIG-TIG Kft.\",\"isPartOf\":{\"@id\":\"https:\\\/\\\/new.migtig.hu\\\/#website\"},\"datePublished\":\"2026-09-02T07:28:15+00:00\",\"description\":\"Professzion\u00e1lis hegeszt\u00e9si k\u00e9pz\u00e9s \u00e9s min\u0151s\u00edt\u00e9s Barany\u00e1ban. 30 \u00e9ves tapasztalat, szak\u00e9rt\u0151 oktat\u00f3k, teljes k\u00f6r\u0171 felk\u00e9sz\u00edt\u00e9s.\",\"breadcrumb\":{\"@id\":\"https:\\\/\\\/new.migtig.hu\\\/hegesztesi-minositesek-es-kepzesek-a-jovo-szakembereinek-felkeszitese\\\/#breadcrumb\"},\"inLanguage\":\"de\",\"potentialAction\":[{\"@type\":\"ReadAction\",\"target\":[\"https:\\\/\\\/new.migtig.hu\\\/hegesztesi-minositesek-es-kepzesek-a-jovo-szakembereinek-felkeszitese\\\/\"]}]},{\"@type\":\"BreadcrumbList\",\"@id\":\"https:\\\/\\\/new.migtig.hu\\\/hegesztesi-minositesek-es-kepzesek-a-jovo-szakembereinek-felkeszitese\\\/#breadcrumb\",\"itemListElement\":[{\"@type\":\"ListItem\",\"position\":1,\"name\":\"Kezd\u0151lap\",\"item\":\"https:\\\/\\\/new.migtig.hu\\\/\"},{\"@type\":\"ListItem\",\"position\":2,\"name\":\"Hegeszt\u00e9si min\u0151s\u00edt\u00e9sek \u00e9s k\u00e9pz\u00e9sek: A j\u00f6v\u0151 szakembereinek felk\u00e9sz\u00edt\u00e9se\"}]},{\"@type\":\"WebSite\",\"@id\":\"https:\\\/\\\/new.migtig.hu\\\/#website\",\"url\":\"https:\\\/\\\/new.migtig.hu\\\/\",\"name\":\"MIG-TIG Kft.\",\"description\":\"\",\"publisher\":{\"@id\":\"https:\\\/\\\/new.migtig.hu\\\/#organization\"},\"potentialAction\":[{\"@type\":\"SearchAction\",\"target\":{\"@type\":\"EntryPoint\",\"urlTemplate\":\"https:\\\/\\\/new.migtig.hu\\\/?s={search_term_string}\"},\"query-input\":{\"@type\":\"PropertyValueSpecification\",\"valueRequired\":true,\"valueName\":\"search_term_string\"}}],\"inLanguage\":\"de\"},{\"@type\":\"Organization\",\"@id\":\"https:\\\/\\\/new.migtig.hu\\\/#organization\",\"name\":\"MIG-TIG Kft.\",\"url\":\"https:\\\/\\\/new.migtig.hu\\\/\",\"logo\":{\"@type\":\"ImageObject\",\"inLanguage\":\"de\",\"@id\":\"https:\\\/\\\/new.migtig.hu\\\/#\\\/schema\\\/logo\\\/image\\\/\",\"url\":\"https:\\\/\\\/new.migtig.hu\\\/wp-content\\\/uploads\\\/2026\\\/09\\\/logo_new_migtig_hu.png\",\"contentUrl\":\"https:\\\/\\\/new.migtig.hu\\\/wp-content\\\/uploads\\\/2026\\\/09\\\/logo_new_migtig_hu.png\",\"width\":1800,\"height\":1800,\"caption\":\"MIG-TIG Kft.\"},\"image\":{\"@id\":\"https:\\\/\\\/new.migtig.hu\\\/#\\\/schema\\\/logo\\\/image\\\/\"}}]}<\/script>\n<!-- \/ Yoast SEO Premium plugin. -->","yoast_head_json":{"title":"Hegeszt\u00e9si min\u0151s\u00edt\u00e9sek \u00e9s k\u00e9pz\u00e9sek | MIG-TIG Kft.","description":"Professzion\u00e1lis hegeszt\u00e9si k\u00e9pz\u00e9s \u00e9s min\u0151s\u00edt\u00e9s Barany\u00e1ban. 30 \u00e9ves tapasztalat, szak\u00e9rt\u0151 oktat\u00f3k, teljes k\u00f6r\u0171 felk\u00e9sz\u00edt\u00e9s.","robots":{"index":"index","follow":"follow","max-snippet":"max-snippet:-1","max-image-preview":"max-image-preview:large","max-video-preview":"max-video-preview:-1"},"canonical":"https:\/\/new.migtig.hu\/de\/hegesztesi-minositesek-es-kepzesek-a-jovo-szakembereinek-felkeszitese\/","og_locale":"de_DE","og_type":"article","og_title":"Hegeszt\u00e9si min\u0151s\u00edt\u00e9sek \u00e9s k\u00e9pz\u00e9sek: A j\u00f6v\u0151 szakembereinek felk\u00e9sz\u00edt\u00e9se","og_description":"Professzion\u00e1lis hegeszt\u00e9si k\u00e9pz\u00e9s \u00e9s min\u0151s\u00edt\u00e9s Barany\u00e1ban. 30 \u00e9ves tapasztalat, szak\u00e9rt\u0151 oktat\u00f3k, teljes k\u00f6r\u0171 felk\u00e9sz\u00edt\u00e9s.","og_url":"https:\/\/new.migtig.hu\/de\/hegesztesi-minositesek-es-kepzesek-a-jovo-szakembereinek-felkeszitese\/","og_site_name":"MIG-TIG Kft.","article_published_time":"2026-09-02T07:28:15+00:00","twitter_card":"summary_large_image","twitter_misc":{"Gesch\u00e4tzte Lesezeit":"1\u00a0Minute"},"schema":{"@context":"https:\/\/schema.org","@graph":[{"@type":"Article","@id":"https:\/\/new.migtig.hu\/hegesztesi-minositesek-es-kepzesek-a-jovo-szakembereinek-felkeszitese\/#article","isPartOf":{"@id":"https:\/\/new.migtig.hu\/hegesztesi-minositesek-es-kepzesek-a-jovo-szakembereinek-felkeszitese\/"},"author":{"name":"","@id":""},"headline":"Hegeszt\u00e9si min\u0151s\u00edt\u00e9sek \u00e9s k\u00e9pz\u00e9sek: A j\u00f6v\u0151 szakembereinek felk\u00e9sz\u00edt\u00e9se","datePublished":"2026-09-02T07:28:15+00:00","mainEntityOfPage":{"@id":"https:\/\/new.migtig.hu\/hegesztesi-minositesek-es-kepzesek-a-jovo-szakembereinek-felkeszitese\/"},"wordCount":198,"commentCount":0,"publisher":{"@id":"https:\/\/new.migtig.hu\/#organization"},"articleSection":["Uncategorized"],"inLanguage":"de","potentialAction":[{"@type":"CommentAction","name":"Comment","target":["https:\/\/new.migtig.hu\/hegesztesi-minositesek-es-kepzesek-a-jovo-szakembereinek-felkeszitese\/#respond"]}]},{"@type":"WebPage","@id":"https:\/\/new.migtig.hu\/hegesztesi-minositesek-es-kepzesek-a-jovo-szakembereinek-felkeszitese\/","url":"https:\/\/new.migtig.hu\/hegesztesi-minositesek-es-kepzesek-a-jovo-szakembereinek-felkeszitese\/","name":"Hegeszt\u00e9si min\u0151s\u00edt\u00e9sek \u00e9s k\u00e9pz\u00e9sek | MIG-TIG Kft.","isPartOf":{"@id":"https:\/\/new.migtig.hu\/#website"},"datePublished":"2026-09-02T07:28:15+00:00","description":"Professzion\u00e1lis hegeszt\u00e9si k\u00e9pz\u00e9s \u00e9s min\u0151s\u00edt\u00e9s Barany\u00e1ban. 30 \u00e9ves tapasztalat, szak\u00e9rt\u0151 oktat\u00f3k, teljes k\u00f6r\u0171 felk\u00e9sz\u00edt\u00e9s.","breadcrumb":{"@id":"https:\/\/new.migtig.hu\/hegesztesi-minositesek-es-kepzesek-a-jovo-szakembereinek-felkeszitese\/#breadcrumb"},"inLanguage":"de","potentialAction":[{"@type":"ReadAction","target":["https:\/\/new.migtig.hu\/hegesztesi-minositesek-es-kepzesek-a-jovo-szakembereinek-felkeszitese\/"]}]},{"@type":"BreadcrumbList","@id":"https:\/\/new.migtig.hu\/hegesztesi-minositesek-es-kepzesek-a-jovo-szakembereinek-felkeszitese\/#breadcrumb","itemListElement":[{"@type":"ListItem","position":1,"name":"Kezd\u0151lap","item":"https:\/\/new.migtig.hu\/"},{"@type":"ListItem","position":2,"name":"Hegeszt\u00e9si min\u0151s\u00edt\u00e9sek \u00e9s k\u00e9pz\u00e9sek: A j\u00f6v\u0151 szakembereinek felk\u00e9sz\u00edt\u00e9se"}]},{"@type":"WebSite","@id":"https:\/\/new.migtig.hu\/#website","url":"https:\/\/new.migtig.hu\/","name":"MIG-TIG Kft.","description":"","publisher":{"@id":"https:\/\/new.migtig.hu\/#organization"},"potentialAction":[{"@type":"SearchAction","target":{"@type":"EntryPoint","urlTemplate":"https:\/\/new.migtig.hu\/?s={search_term_string}"},"query-input":{"@type":"PropertyValueSpecification","valueRequired":true,"valueName":"search_term_string"}}],"inLanguage":"de"},{"@type":"Organization","@id":"https:\/\/new.migtig.hu\/#organization","name":"MIG-TIG Kft.","url":"https:\/\/new.migtig.hu\/","logo":{"@type":"ImageObject","inLanguage":"de","@id":"https:\/\/new.migtig.hu\/#\/schema\/logo\/image\/","url":"https:\/\/new.migtig.hu\/wp-content\/uploads\/2026\/09\/logo_new_migtig_hu.png","contentUrl":"https:\/\/new.migtig.hu\/wp-content\/uploads\/2026\/09\/logo_new_migtig_hu.png","width":1800,"height":1800,"caption":"MIG-TIG Kft."},"image":{"@id":"https:\/\/new.migtig.hu\/#\/schema\/logo\/image\/"}}]}},"_links":{"self":[{"href":"https:\/\/new.migtig.hu\/de\/wp-json\/wp\/v2\/posts\/856","targetHints":{"allow":["GET"]}}],"collection":[{"href":"https:\/\/new.migtig.hu\/de\/wp-json\/wp\/v2\/posts"}],"about":[{"href":"https:\/\/new.migtig.hu\/de\/wp-json\/wp\/v2\/types\/post"}],"replies":[{"embeddable":true,"href":"https:\/\/new.migtig.hu\/de\/wp-json\/wp\/v2\/comments?post=856"}],"version-history":[{"count":0,"href":"https:\/\/new.migtig.hu\/de\/wp-json\/wp\/v2\/posts\/856\/revisions"}],"wp:attachment":[{"href":"https:\/\/new.migtig.hu\/de\/wp-json\/wp\/v2\/media?parent=856"}],"wp:term":[{"taxonomy":"category","embeddable":true,"href":"https:\/\/new.migtig.hu\/de\/wp-json\/wp\/v2\/categories?post=856"},{"taxonomy":"post_tag","embeddable":true,"href":"https:\/\/new.migtig.hu\/de\/wp-json\/wp\/v2\/tags?post=856"}],"curies":[{"name":"wp","href":"https:\/\/api.w.org\/{rel}","templated":true}]}}